{"id":887,"date":"2026-01-01T00:25:36","date_gmt":"2025-12-31T23:25:36","guid":{"rendered":"https:\/\/new.cantorama.ch\/?p=887"},"modified":"2026-01-11T20:28:08","modified_gmt":"2026-01-11T19:28:08","slug":"2026-09-12","status":"publish","type":"post","link":"https:\/\/www.cantorama.ch\/fr\/2026-09-12\/","title":{"rendered":"12.09.2026 - La Paix"},"content":{"rendered":"\n<div class=\"wp-block-columns is-layout-flex wp-container-core-columns-is-layout-28f84493 wp-block-columns-is-layout-flex\">\n<div class=\"wp-block-column is-layout-flow wp-block-column-is-layout-flow\">\n<h5 class=\"wp-block-heading\">Samedi 12 septembre 2026 \u00e0 20.00 h<\/h5>\n\n\n\n<h5 class=\"wp-block-heading\">Samstag 12. September 2026 um 20.00 Uhr<\/h5>\n\n\n\n<div style=\"height:15px\" aria-hidden=\"true\" class=\"wp-block-spacer\"><\/div>\n\n\n\n<p class=\"has-medium-font-size\"><strong>La Paix<\/strong><\/p>\n\n\n\n<p class=\"has-medium-font-size\">Le Ch\u0153ur de May<\/p>\n\n\n\n<div class=\"wp-block-columns is-layout-flex wp-container-core-columns-is-layout-28f84493 wp-block-columns-is-layout-flex\">\n<div class=\"wp-block-column is-vertically-aligned-center is-layout-flow wp-block-column-is-layout-flow\">\n<p class=\"has-text-align-center\"><a href=\"https:\/\/www.cantorama.ch\/wp-content\/uploads\/2025\/09\/C6_programme\u2013bilinguisme.pdf\" target=\"_blank\" rel=\"noreferrer noopener\">Programme du concert &#8211; Konzertprogramm<\/a> &#8230;<\/p>\n<\/div>\n\n\n\n<div class=\"wp-block-column is-vertically-aligned-center is-layout-flow wp-block-column-is-layout-flow\">\n<figure class=\"wp-block-image size-full is-resized\"><img loading=\"lazy\" decoding=\"async\" width=\"539\" height=\"526\" src=\"https:\/\/www.cantorama.ch\/wp-content\/uploads\/2024\/12\/logo-pdf_b.png\" alt=\"\" class=\"wp-image-1865\" style=\"width:74px;height:auto\"\/><\/figure>\n<\/div>\n<\/div>\n<\/div>\n\n\n\n<div class=\"wp-block-column is-layout-flow wp-block-column-is-layout-flow\">\n<figure class=\"wp-block-image size-full\"><img loading=\"lazy\" decoding=\"async\" width=\"2000\" height=\"1164\" src=\"https:\/\/www.cantorama.ch\/wp-content\/uploads\/2025\/01\/Choeur-de-May_1.jpg\" alt=\"\" class=\"wp-image-2853\" srcset=\"https:\/\/www.cantorama.ch\/wp-content\/uploads\/2025\/01\/Choeur-de-May_1.jpg 2000w, https:\/\/www.cantorama.ch\/wp-content\/uploads\/2025\/01\/Choeur-de-May_1-900x524.jpg 900w, https:\/\/www.cantorama.ch\/wp-content\/uploads\/2025\/01\/Choeur-de-May_1-1920x1117.jpg 1920w, https:\/\/www.cantorama.ch\/wp-content\/uploads\/2025\/01\/Choeur-de-May_1-768x447.jpg 768w, https:\/\/www.cantorama.ch\/wp-content\/uploads\/2025\/01\/Choeur-de-May_1-1536x894.jpg 1536w\" sizes=\"auto, (max-width: 2000px) 100vw, 2000px\" \/><\/figure>\n<\/div>\n<\/div>\n\n\n\n<div class=\"wp-block-columns is-layout-flex wp-container-core-columns-is-layout-28f84493 wp-block-columns-is-layout-flex\">\n<div class=\"wp-block-column is-layout-flow wp-block-column-is-layout-flow\">\n<p>Le <strong>Ch\u0153ur de May<\/strong> a vu le jour au mois de mai 1998 sous l\u2019impulsion de son directeur Nicolas Wyssmueller. Il est form\u00e9 de vingt chanteuses et chanteurs du sud du canton. Son r\u00e9pertoire s\u2019\u00e9tend de la Renaissance (Toma\u0301s Luis Victoria, Diogo Dias Melgas, Thomas Tallis, \u2026) a\u0300 la p\u00e9riode contemporaine (John Tavener, Francis Poulenc, Arvo Pa\u0308rt, Ola Gjeilo, \u2026) en passant par les romantiques (C\u00e9sar Franck, Gabriel Faur\u00e9, Felix Mendelssohn Bartholdy, Josef Rheinberger, \u2026) et par les tr\u00e9sors du chant gr\u00e9gorien.<br>Le Ch\u0153ur de May chante r\u00e9guli\u00e8rement avec orchestre, notamment des cantates de Johann Sebastian Bach, le <em>Te Deum de Dettingen<\/em> de Georg Friedrich Haendel, le <em>Miserere<\/em> de Johann Adolf Hasse ou le <em>Requiem<\/em> de Wolfgang Amadeus Mozart en 2013, pour son quinzi\u00e8me anniversaire. Lors de ses traditionnels concerts matinaux du Vendredi Saint, le Ch\u0153ur de May a fait d\u00e9couvrir aux auditeurs des univers aussi divers que ceux de Gregorio Allegri (<em>Miserere<\/em>), de Francesco Cavalli (<em>Missa pro defunctis<\/em>), d\u2019Henry Purcell (<em>Musique pour les fun\u00e9railles de la Reine Mary<\/em>), de Jan Dismas Zelenka (<em>Miserere, R\u00e9pons de T\u00e9n\u00e8bres<\/em>), de Dietrich Buxtehude (<em>Membra Jesu Nostri<\/em>) ou de Charles Gounod (<em>Les Sept paroles du Christ sur la Croix<\/em>) ou encore Johann Sebastian Bach (<em>Jesu meine Freude<\/em>).<br>Le Ch\u0153ur de May a interpr\u00e9t\u00e9 en novembre 2015 la <em>Messe du Couronnement<\/em> de Wolfgang Amadeus Mozart et le <em>Requiem<\/em> de Gabriel Faur\u00e9, avec l\u2019Orchestre de Chambre Fribourgeois et la C\u00e9cilienne de La Tour-de-Tr\u00eame. En janvier 2016, il a eu le privil\u00e8ge de chanter la <em>Cantate BWV 78<\/em> de Johann Sebastian Bach sous la direction de Michel Corboz dans le cadre du cycle \u00ab\u00a0Cantate et Parole\u00a0\u00bb a\u0300 Lausanne. Il a particip\u00e9 en juillet 2016 au concert des ch\u0153urs fribourgeois qui ouvrait le Festival de Musiques Sacr\u00e9es de Fribourg et il a donn\u00e9, en avril 2017, la <em>Passion selon Saint Jean<\/em> de Johann Sebastian Bach. En d\u00e9cembre 2017, il a chant\u00e9 aux Concerts de l\u2019Avent de Villars-sur-Gl\u00e2ne avec des \u0153uvres de Claudio Monteverdi, Dietrich Buxtehude, Francesco Durante et Marc-Antoine Charpentier, avec le Capriccio Barockorchester Basel.<br>En 2018, pour son 20\u00e8me anniversaire, Le Ch\u0153ur de May a cr\u00e9\u00e9 <em>Les Chemins de Pierre<\/em> de Jean-Franc\u0327ois Michel et Pierre Schuwey et il a pr\u00e9sent\u00e9, en 2019, un floril\u00e8ge de compositeurs fribourgeois avant de s\u2019associer, en 2020, \u00e0 l\u2019Ensemble Orlando de Fribourg et au Ch\u0153ur De Musica, pour chanter la <em>Messe pour double ch\u0153ur<\/em> de Frank Martin. En avril 2023, le ch\u0153ur a f\u00eat\u00e9 ses 25 ans avec les <em>V\u00eapres de la Vierge<\/em> de Monteverdi et il a propos\u00e9 un concert en hommage a\u0300 Michel Corboz, en chantant des \u0153uvres compos\u00e9es par le fondateur de l\u2019Ensemble Vocal de Lausanne.<\/p>\n<\/div>\n<\/div>\n\n\n\n<div class=\"wp-block-columns is-layout-flex wp-container-core-columns-is-layout-28f84493 wp-block-columns-is-layout-flex\">\n<div class=\"wp-block-column is-layout-flow wp-block-column-is-layout-flow\">\n<p>N\u00e9 a\u0300 Bulle, <strong>Nicolas Wyssmueller<\/strong> a chant\u00e9 durant de nombreuses ann\u00e9es a\u0300 la Ma\u00eetrise Saint-Pierre-aux-Liens de Bulle ou\u0300 il acquiert une premi\u00e8re formation chorale et la pratique du plain-chant gr\u00e2ce a\u0300 Roger Karth, aupr\u00e8s duquel il se perfectionne, ainsi qu\u2019a\u0300 l\u2019abbaye de Solesmes. Apr\u00e8s l\u2019obtention d\u2019un certificat de saxophone et d\u2019un dipl\u00f4me de direction d\u2019ensembles a\u0300 vent, il se tourne vers l\u2019art choral. Il suit des cours de chant aupr\u00e8s de Nicolas Pernet, puis de Marie-Franc\u0327oise Schuwey avec qui il obtient son certificat non professionnel de chant. Depuis 2006, Nicolas Wyssmueller est membre de l\u2019Ensemble Vocal de Lausanne, sous la direction de Michel Corboz et de Daniel Reuss. Il participe \u00e9galement aux projets de l\u2019Ensemble Vocal Orlando, sous la direction de Laurent Gendre et, en 2014, il a particip\u00e9 a\u0300 un projet avec la Z\u00fcrcher Sing Akademie, sous la direction de Sir Roger Norrington. En 2016, il suit une formation a\u0300 Maastricht, compl\u00e9t\u00e9e par un nouveau dipl\u00f4me de direction de ch\u0153ur professionnel a\u0300 Utrecht en 2018.<br>Il a dirig\u00e9 entre 1995 et 2016 la C\u00e9cilienne de La Tour-de-Tr\u00eame, avec laquelle il a eu l\u2019occasion d\u2019aborder de nombreuses \u0153uvres, notamment avec orchestre. Il a \u00e9t\u00e9 le pr\u00e9parateur des ch\u0153urs des <em>Carmina Burana<\/em> de Carl Orff, concert donn\u00e9 a\u0300 la salle CO2 en mars 2009 avec le Corps de Musique de la Ville de Bulle.<br>Titulaire d\u2019une licence en Sciences \u00e9conomiques, il enseigne l\u2019\u00e9conomie a\u0300 la Haute Ecole de Gestion a\u0300 Fribourg et, de 2016 \u00e0 2026, il a \u00e9t\u00e9 membre du Conseil Communal de Bulle.<\/p>\n\n\n\n<p>.<\/p>\n<\/div>\n\n\n\n<div class=\"wp-block-column is-layout-flow wp-block-column-is-layout-flow\" style=\"flex-basis:35%\">\n<figure class=\"wp-block-image aligncenter size-full is-resized\"><img loading=\"lazy\" decoding=\"async\" width=\"658\" height=\"979\" src=\"https:\/\/www.cantorama.ch\/wp-content\/uploads\/2025\/01\/Nicolas-Wyssmueller.jpg\" alt=\"\" class=\"wp-image-2855\" style=\"aspect-ratio:0.6721126838282514;width:250px\" srcset=\"https:\/\/www.cantorama.ch\/wp-content\/uploads\/2025\/01\/Nicolas-Wyssmueller.jpg 658w, https:\/\/www.cantorama.ch\/wp-content\/uploads\/2025\/01\/Nicolas-Wyssmueller-605x900.jpg 605w\" sizes=\"auto, (max-width: 658px) 100vw, 658px\" \/><\/figure>\n<\/div>\n<\/div>\n\n\n\n<div class=\"wp-block-columns is-layout-flex wp-container-core-columns-is-layout-28f84493 wp-block-columns-is-layout-flex\">\n<div class=\"wp-block-column is-vertically-aligned-center is-layout-flow wp-block-column-is-layout-flow\" style=\"flex-basis:25%\">\n<p>Unterst\u00fctzt von:<br>Avec le soutien de :<\/p>\n<\/div>\n\n\n\n<div class=\"wp-block-column is-vertically-aligned-center is-layout-flow wp-block-column-is-layout-flow\" style=\"flex-basis:50%\">\n<p>net+ FR<\/p>\n<\/div>\n\n\n\n<div class=\"wp-block-column is-layout-flow wp-block-column-is-layout-flow\" style=\"flex-basis:25%\">\n<figure class=\"wp-block-image aligncenter size-large is-resized\"><img decoding=\"async\" src=\"https:\/\/www.cantorama.ch\/wp-content\/uploads\/2024\/12\/ticket_cj.jpg\" alt=\"\" style=\"width:100px\" title=\"Tickets reservieren - Reservation de tickets\"\/><\/figure>\n\n\n\n<p class=\"has-text-align-center has-medium-font-size\"><strong><a href=\"https:\/\/www.cantorama.ch\/fr\/veranstaltungen-tickets\/tickets\/\">R\u00e9servation de tickets<\/a><\/strong><br><strong><a href=\"https:\/\/www.cantorama.ch\/veranstaltungen-tickets\/tickets\/\">Tickets reservieren<\/a><\/strong><\/p>\n<\/div>\n<\/div>\n\n\n\n<p><\/p>\n","protected":false},"excerpt":{"rendered":"<p>Samedi 12 septembre 2026 \u00e0 20.00 h Samstag 12. September 2026 um 20.00 Uhr La Paix Le Ch\u0153ur de May [&hellip;]<\/p>\n","protected":false},"author":3,"featured_media":2854,"comment_status":"closed","ping_status":"closed","sticky":false,"template":"","format":"standard","meta":{"site-sidebar-layout":"default","site-content-layout":"","ast-site-content-layout":"","site-content-style":"default","site-sidebar-style":"default","ast-global-header-display":"","ast-banner-title-visibility":"","ast-main-header-display":"","ast-hfb-above-header-display":"","ast-hfb-below-header-display":"","ast-hfb-mobile-header-display":"","site-post-title":"disabled","ast-breadcrumbs-content":"","ast-featured-img":"disabled","footer-sml-layout":"","theme-transparent-header-meta":"","adv-header-id-meta":"","stick-header-meta":"","header-above-stick-meta":"","header-main-stick-meta":"","header-below-stick-meta":"","astra-migrate-meta-layouts":"default","ast-page-background-enabled":"default","ast-page-background-meta":{"desktop":{"background-color":"var(--ast-global-color-4)","background-image":"","background-repeat":"repeat","background-position":"center center","background-size":"auto","background-attachment":"scroll","background-type":"","background-media":"","overlay-type":"","overlay-color":"","overlay-opacity":"","overlay-gradient":""},"tablet":{"background-color":"","background-image":"","background-repeat":"repeat","background-position":"center center","background-size":"auto","background-attachment":"scroll","background-type":"","background-media":"","overlay-type":"","overlay-color":"","overlay-opacity":"","overlay-gradient":""},"mobile":{"background-color":"","background-image":"","background-repeat":"repeat","background-position":"center center","background-size":"auto","background-attachment":"scroll","background-type":"","background-media":"","overlay-type":"","overlay-color":"","overlay-opacity":"","overlay-gradient":""}},"ast-content-background-meta":{"desktop":{"background-color":"var(--ast-global-color-5)","background-image":"","background-repeat":"repeat","background-position":"center center","background-size":"auto","background-attachment":"scroll","background-type":"","background-media":"","overlay-type":"","overlay-color":"","overlay-opacity":"","overlay-gradient":""},"tablet":{"background-color":"var(--ast-global-color-5)","background-image":"","background-repeat":"repeat","background-position":"center center","background-size":"auto","background-attachment":"scroll","background-type":"","background-media":"","overlay-type":"","overlay-color":"","overlay-opacity":"","overlay-gradient":""},"mobile":{"background-color":"var(--ast-global-color-5)","background-image":"","background-repeat":"repeat","background-position":"center center","background-size":"auto","background-attachment":"scroll","background-type":"","background-media":"","overlay-type":"","overlay-color":"","overlay-opacity":"","overlay-gradient":""}},"ngg_post_thumbnail":0,"footnotes":""},"categories":[1],"tags":[],"class_list":["post-887","post","type-post","status-publish","format-standard","has-post-thumbnail","hentry","category-general"],"featured_image_src":"https:\/\/www.cantorama.ch\/wp-content\/uploads\/2025\/01\/Choeur-de-May_2.jpg","author_info":{"display_name":"Anton Rumo","author_link":"https:\/\/www.cantorama.ch\/fr\/author\/rumo-anton\/"},"publishpress_future_action":{"enabled":true,"date":"2026-09-13 06:00:00","action":"change-status","newStatus":"draft","terms":[0],"taxonomy":"category","extraData":[]},"publishpress_future_workflow_manual_trigger":{"enabledWorkflows":[]},"_links":{"self":[{"href":"https:\/\/www.cantorama.ch\/fr\/wp-json\/wp\/v2\/posts\/887","targetHints":{"allow":["GET"]}}],"collection":[{"href":"https:\/\/www.cantorama.ch\/fr\/wp-json\/wp\/v2\/posts"}],"about":[{"href":"https:\/\/www.cantorama.ch\/fr\/wp-json\/wp\/v2\/types\/post"}],"author":[{"embeddable":true,"href":"https:\/\/www.cantorama.ch\/fr\/wp-json\/wp\/v2\/users\/3"}],"replies":[{"embeddable":true,"href":"https:\/\/www.cantorama.ch\/fr\/wp-json\/wp\/v2\/comments?post=887"}],"version-history":[{"count":9,"href":"https:\/\/www.cantorama.ch\/fr\/wp-json\/wp\/v2\/posts\/887\/revisions"}],"predecessor-version":[{"id":2885,"href":"https:\/\/www.cantorama.ch\/fr\/wp-json\/wp\/v2\/posts\/887\/revisions\/2885"}],"wp:featuredmedia":[{"embeddable":true,"href":"https:\/\/www.cantorama.ch\/fr\/wp-json\/wp\/v2\/media\/2854"}],"wp:attachment":[{"href":"https:\/\/www.cantorama.ch\/fr\/wp-json\/wp\/v2\/media?parent=887"}],"wp:term":[{"taxonomy":"category","embeddable":true,"href":"https:\/\/www.cantorama.ch\/fr\/wp-json\/wp\/v2\/categories?post=887"},{"taxonomy":"post_tag","embeddable":true,"href":"https:\/\/www.cantorama.ch\/fr\/wp-json\/wp\/v2\/tags?post=887"}],"curies":[{"name":"wp","href":"https:\/\/api.w.org\/{rel}","templated":true}]}}