{"id":699,"date":"2026-01-01T00:15:20","date_gmt":"2025-12-31T23:15:20","guid":{"rendered":"https:\/\/new.cantorama.ch\/?p=699"},"modified":"2026-01-11T20:29:38","modified_gmt":"2026-01-11T19:29:38","slug":"2026-07-05","status":"publish","type":"post","link":"https:\/\/www.cantorama.ch\/fr\/2026-07-05\/","title":{"rendered":"05.07.2026 - M\u00e9lodies classiques et populaires"},"content":{"rendered":"\n<div class=\"wp-block-columns is-layout-flex wp-container-core-columns-is-layout-28f84493 wp-block-columns-is-layout-flex\">\n<div class=\"wp-block-column is-layout-flow wp-block-column-is-layout-flow\">\n<p>Dimanche 5 juillet 2026 \u00e0 17.00 h<\/p>\n\n\n\n<h5 class=\"wp-block-heading\" id=\"1-samstag-5-juli-2025-um-2000-uhr\">Sonntag 5. Juli 2025 um 17.00 Uhr<\/h5>\n\n\n\n<div style=\"height:15px\" aria-hidden=\"true\" class=\"wp-block-spacer\"><\/div>\n\n\n\n<p class=\"has-medium-font-size\">M\u00e9lodies classiques et populaires d\u2019ici et d\u2019ailleurs<\/p>\n\n\n\n<p class=\"has-medium-font-size\"><strong>Marie-Claude Chappuis<\/strong> &#8211; mezzo-soprano<\/p>\n\n\n\n<p class=\"has-medium-font-size\"><strong>Andrea Wiesli<\/strong> &#8211; piano<\/p>\n\n\n\n<div class=\"wp-block-columns is-layout-flex wp-container-core-columns-is-layout-28f84493 wp-block-columns-is-layout-flex\">\n<div class=\"wp-block-column is-layout-flow wp-block-column-is-layout-flow\" style=\"flex-basis:66.66%\">\n<p>Programme du concert<br>Konzertprogramm<\/p>\n<\/div>\n\n\n\n<div class=\"wp-block-column is-layout-flow wp-block-column-is-layout-flow\" style=\"flex-basis:33.33%\">\n<figure class=\"wp-block-image size-full is-resized\"><img loading=\"lazy\" decoding=\"async\" width=\"539\" height=\"526\" src=\"https:\/\/www.cantorama.ch\/wp-content\/uploads\/2024\/12\/logo-pdf_b.png\" alt=\"\" class=\"wp-image-1865\" style=\"aspect-ratio:1.0247084708630116;object-fit:cover;width:80px\"\/><\/figure>\n<\/div>\n<\/div>\n<\/div>\n\n\n\n<div class=\"wp-block-column is-layout-flow wp-block-column-is-layout-flow\">\n<figure class=\"wp-block-image size-full\"><img loading=\"lazy\" decoding=\"async\" width=\"1024\" height=\"720\" src=\"https:\/\/www.cantorama.ch\/wp-content\/uploads\/2025\/01\/chappuis-wiesli.jpg\" alt=\"\" class=\"wp-image-2826\" srcset=\"https:\/\/www.cantorama.ch\/wp-content\/uploads\/2025\/01\/chappuis-wiesli.jpg 1024w, https:\/\/www.cantorama.ch\/wp-content\/uploads\/2025\/01\/chappuis-wiesli-900x633.jpg 900w, https:\/\/www.cantorama.ch\/wp-content\/uploads\/2025\/01\/chappuis-wiesli-768x540.jpg 768w\" sizes=\"auto, (max-width: 1024px) 100vw, 1024px\" \/><\/figure>\n<\/div>\n<\/div>\n\n\n\n<div class=\"wp-block-columns is-layout-flex wp-container-core-columns-is-layout-28f84493 wp-block-columns-is-layout-flex\">\n<div class=\"wp-block-column is-layout-flow wp-block-column-is-layout-flow\">\n<p>Deux fois nomin\u00e9e aux Grammy Awards, <strong>Marie-Claude Chappuis<\/strong> compte parmi les mezzo-sopranos les plus demand\u00e9es de sa g\u00e9n\u00e9ration. Elle remporte aussi une nomination aux Swiss Music Awards ainsi que le Prix du Midem. Elle chante r\u00e9guli\u00e8rement sous la direction des plus grands chefs d\u2019orchestre et, citons, entre autres, le r\u00f4le d\u2019Idamante dans <em>Idomeneo<\/em> de Mozart sous la direction de Nikolaus Harnoncourt, la <em>Passion selon Saint Matthieu<\/em> de Bach avec Riccardo Chailly, le r\u00f4le de Didon dans le <em>Didon et En\u00e9e<\/em> de Purcell sous la direction d\u2019Emmanuelle Ha\u00efm ainsi qu\u2019avec le London Philharmonic Orchestra dirig\u00e9 par Sir Roger Norrington, le r\u00f4le de Dorabella dans le <em>Cosi fan tutte<\/em> de Mozart au Festival de Salzbourg avec les Wiener Philharmoniker, celui d\u2019Ottavia dans <em>L\u2019Incoronazione di Poppea<\/em> de Monteverdi au Staatsoper Berlin et \u00e0 la Monnaie de Bruxelles sous la direction de Ren\u00e9 Jacobs.<br>Elle est r\u00e9guli\u00e8rement invit\u00e9e \u00e0 chanter en soliste avec l\u2019Orchestre de la Suisse romande, le Freiburger Barock orchester, l\u2019Orchestre du Gewandhaus, l\u2019Akademie f\u00fcr Alte Musik Berlin, Il Giardino Armonico, les Talens Lyriques et Le Concert d\u2019Astr\u00e9e. Son vaste r\u00e9pertoire et sa grande ma\u00eetrise des styles musicaux allant de Monteverdi aux cr\u00e9ations contemporaines ainsi que sa grande tessiture lui permettent d\u2019interpr\u00e9ter des r\u00f4les tr\u00e8s vari\u00e9s ainsi que de chanter aussi bien des lieder, des oratorios que de l\u2019op\u00e9ra.<br>Sa discographie comprend plusieurs enregistrements avec Ren\u00e9 Jacobs et le Freiburger Barock Orchester : <em>La Clemenza di Tito, La finta giardiniera<\/em> et <em>Le Requiem<\/em> de Mozart. Avec Ren\u00e9 Jacobs et l\u2019Akademie f\u00fcr alte Musik Berlin, elle enregistre la <em>Messe en si<\/em> de Bach, <em>La Brockes-Passion<\/em> de Telemann et la <em>Rappresentatione di Corpo<\/em> et <em>Anima<\/em> de Cavalieri. Elle chante dans <em>La Passion selon Saint Matthieu<\/em> de Bach avec Riccardo Chailly, le Thomanerchor et l\u2019Orchestre du Gewandhaus de Leipzig. Parmi divers albums solos, citons encore <em>Sous l&#8217;empire d&rsquo;Amour<\/em> avec le luthiste Luca Pianca, <em>Au coeur des Alpes<\/em>, chants traditionnels suisses, Cl\u00e9rambault <em>Les Fables de La Fontaine<\/em> ainsi que l\u2019album <em>Aber die Liebe<\/em> consacr\u00e9 \u00e0 Johannes Brahms avec le pianiste Christian Chamorel et le quatuor Sine Nomine. Marie-Claude Chappuis est originaire de Broc et d&rsquo;Alterswil et elle habite \u00e0 Sommentier.<\/p>\n<\/div>\n\n\n\n<div class=\"wp-block-column is-layout-flow wp-block-column-is-layout-flow\" style=\"flex-basis:30%\">\n<figure class=\"wp-block-image size-full\"><img loading=\"lazy\" decoding=\"async\" width=\"600\" height=\"831\" src=\"https:\/\/www.cantorama.ch\/wp-content\/uploads\/2026\/01\/mc-chappuis.jpg\" alt=\"\" class=\"wp-image-2832\"\/><\/figure>\n<\/div>\n<\/div>\n\n\n\n<div class=\"wp-block-columns is-layout-flex wp-container-core-columns-is-layout-28f84493 wp-block-columns-is-layout-flex\">\n<div class=\"wp-block-column is-layout-flow wp-block-column-is-layout-flow\" style=\"flex-basis:33.33%\">\n<figure class=\"wp-block-image size-full\"><img loading=\"lazy\" decoding=\"async\" width=\"600\" height=\"800\" src=\"https:\/\/www.cantorama.ch\/wp-content\/uploads\/2026\/01\/a-wiesli.jpg\" alt=\"\" class=\"wp-image-2835\"\/><\/figure>\n<\/div>\n\n\n\n<div class=\"wp-block-column is-layout-flow wp-block-column-is-layout-flow\" style=\"flex-basis:66.66%\">\n<p>La pianiste et musicologue thurgovienne <strong>Andrea Wiesli<\/strong> est tr\u00e8s polyvalente et elle est toujours \u00e0 la recherche de musiques de compositeurs oubli\u00e9s. Ses red\u00e9couvertes, tr\u00e8s remarqu\u00e9es et salu\u00e9es par la presse, se voient facilement dans de nombreux enregistrements de CD. Avec ses chroniques sonores musicales et litt\u00e9raires, comme actuellement <em>Die Stickerin<\/em>, d&rsquo;apr\u00e8s le roman de Margrit Schriber, elle se produit avec succ\u00e8s sur les sc\u00e8nes suisses.<br>En tant que soliste, cette pianiste tr\u00e8s demand\u00e9e se produit avec diff\u00e9rents orchestres dans toute l&rsquo;Europe, notamment avec le Lviv Philharmonic Orchestra, le Lebanese Philharmonic Orchestra, le Schweizer Jugend-Sinfonie-Orchester ou encore la S\u00fcdwestdeutsche Philharmonie.<br>Andrea Wiesli est \u00e9galement une musicienne de chambre et une accompagnatrice de lieder passionn\u00e9e. Elle est membre du Trio Fontane et fait partie du cercle des musiciennes de Stradivarius. Cette artiste aux int\u00e9r\u00eats multiples se produit en outre dans des formations crossover avec le hackbrettler Nicolas Senn, laccord\u00e9oniste Viviane Chassot et le pianiste de jazz Maurice Imhof.<br>Elle a re\u00e7u de nombreux prix et subventions pour ses activit\u00e9s musicales. Ses travaux scientifiques ont \u00e9t\u00e9 publi\u00e9s par des \u00e9diteurs renomm\u00e9s, notamment sa th\u00e8se sur les transcriptions de Schubert par Franz Liszt, r\u00e9dig\u00e9e sous la direction du professeur Hans-Joachim Hinrichsen. Pour sa th\u00e8se de doctorat, elle a re\u00e7u l&rsquo;un des cr\u00e9dits de recherche tr\u00e8s convoit\u00e9s de l&rsquo;Universit\u00e9 de Z\u00fcrich. Elle est \u00e9galement directrice musicale au Forum d&rsquo;Appenzell et membre du conseil de la Fondation Hans Schaeuble.<\/p>\n<\/div>\n<\/div>\n\n\n<div class=\"wp-block-ub-divider ub_divider ub-divider-orientation-horizontal\" id=\"ub_divider_b950e933-ff67-4ccf-a74d-313d6a7ecbd8\"><div class=\"ub_divider_wrapper\" style=\"position: relative; margin-bottom: 40px; width: 100%; height: 40px; \" data-divider-alignment=\"center\"><div class=\"ub_divider_line\" style=\"border-top: 2px dotted #ccc; margin-top: 40px; \"><\/div><\/div><\/div>\n\n\n<div class=\"wp-block-columns is-layout-flex wp-container-core-columns-is-layout-28f84493 wp-block-columns-is-layout-flex\">\n<div class=\"wp-block-column is-vertically-aligned-center is-layout-flow wp-block-column-is-layout-flow\" style=\"flex-basis:20%\">\n<p>Unterst\u00fctzt von:<br>Avec le soutien de :<\/p>\n<\/div>\n\n\n\n<div class=\"wp-block-column is-vertically-aligned-center is-layout-flow wp-block-column-is-layout-flow\" style=\"flex-basis:60%\">\n<p>Paul und Heidi Fries, W\u00fcnnewil<\/p>\n<\/div>\n\n\n\n<div class=\"wp-block-column is-layout-flow wp-block-column-is-layout-flow\" style=\"flex-basis:20%\">\n<figure class=\"wp-block-image aligncenter size-large is-resized\"><a href=\"https:\/\/www.cantorama.ch\/veranstaltungen-tickets\/tickets\/\"><img decoding=\"async\" src=\"https:\/\/www.cantorama.ch\/wp-content\/uploads\/2024\/12\/ticket_cj.jpg\" alt=\"\" style=\"width:100px;height:auto\" title=\"Tickets reservieren - Reservation de tickets\"\/><\/a><\/figure>\n\n\n\n<p class=\"has-text-align-center has-medium-font-size\"><strong><a href=\"https:\/\/www.cantorama.ch\/fr\/veranstaltungen-tickets\/tickets\/\">R\u00e9servation de tickets<\/a><\/strong><br><strong><a href=\"https:\/\/www.cantorama.ch\/veranstaltungen-tickets\/tickets\/\">Tickets reservieren<\/a><\/strong><\/p>\n<\/div>\n<\/div>\n\n\n<div class=\"wp-block-ub-divider ub_divider ub-divider-orientation-horizontal\" id=\"ub_divider_dcbe5082-662d-4d20-9c90-59af36167e86\"><div class=\"ub_divider_wrapper\" style=\"position: relative; margin-bottom: 2px; width: 100%; height: 2px; \" data-divider-alignment=\"center\"><div class=\"ub_divider_line\" style=\"border-top: 2px dotted #ccc; margin-top: 2px; \"><\/div><\/div><\/div>\n\n\n<p><\/p>\n","protected":false},"excerpt":{"rendered":"<p>Dimanche 5 juillet 2026 \u00e0 17.00 h Sonntag 5. Juli 2025 um 17.00 Uhr M\u00e9lodies classiques et populaires d\u2019ici et [&hellip;]<\/p>\n","protected":false},"author":3,"featured_media":2826,"comment_status":"closed","ping_status":"closed","sticky":false,"template":"","format":"standard","meta":{"site-sidebar-layout":"default","site-content-layout":"","ast-site-content-layout":"","site-content-style":"default","site-sidebar-style":"default","ast-global-header-display":"","ast-banner-title-visibility":"","ast-main-header-display":"","ast-hfb-above-header-display":"","ast-hfb-below-header-display":"","ast-hfb-mobile-header-display":"","site-post-title":"disabled","ast-breadcrumbs-content":"","ast-featured-img":"disabled","footer-sml-layout":"","theme-transparent-header-meta":"","adv-header-id-meta":"","stick-header-meta":"","header-above-stick-meta":"","header-main-stick-meta":"","header-below-stick-meta":"","astra-migrate-meta-layouts":"default","ast-page-background-enabled":"default","ast-page-background-meta":{"desktop":{"background-color":"var(--ast-global-color-4)","background-image":"","background-repeat":"repeat","background-position":"center center","background-size":"auto","background-attachment":"scroll","background-type":"","background-media":"","overlay-type":"","overlay-color":"","overlay-opacity":"","overlay-gradient":""},"tablet":{"background-color":"","background-image":"","background-repeat":"repeat","background-position":"center center","background-size":"auto","background-attachment":"scroll","background-type":"","background-media":"","overlay-type":"","overlay-color":"","overlay-opacity":"","overlay-gradient":""},"mobile":{"background-color":"","background-image":"","background-repeat":"repeat","background-position":"center center","background-size":"auto","background-attachment":"scroll","background-type":"","background-media":"","overlay-type":"","overlay-color":"","overlay-opacity":"","overlay-gradient":""}},"ast-content-background-meta":{"desktop":{"background-color":"var(--ast-global-color-5)","background-image":"","background-repeat":"repeat","background-position":"center center","background-size":"auto","background-attachment":"scroll","background-type":"","background-media":"","overlay-type":"","overlay-color":"","overlay-opacity":"","overlay-gradient":""},"tablet":{"background-color":"var(--ast-global-color-5)","background-image":"","background-repeat":"repeat","background-position":"center center","background-size":"auto","background-attachment":"scroll","background-type":"","background-media":"","overlay-type":"","overlay-color":"","overlay-opacity":"","overlay-gradient":""},"mobile":{"background-color":"var(--ast-global-color-5)","background-image":"","background-repeat":"repeat","background-position":"center center","background-size":"auto","background-attachment":"scroll","background-type":"","background-media":"","overlay-type":"","overlay-color":"","overlay-opacity":"","overlay-gradient":""}},"ngg_post_thumbnail":0,"footnotes":""},"categories":[1],"tags":[],"class_list":["post-699","post","type-post","status-publish","format-standard","has-post-thumbnail","hentry","category-general"],"featured_image_src":"https:\/\/www.cantorama.ch\/wp-content\/uploads\/2025\/01\/chappuis-wiesli.jpg","author_info":{"display_name":"Anton Rumo","author_link":"https:\/\/www.cantorama.ch\/fr\/author\/rumo-anton\/"},"publishpress_future_action":{"enabled":true,"date":"2026-07-06 06:00:00","action":"change-status","newStatus":"draft","terms":[0],"taxonomy":"category","extraData":[]},"publishpress_future_workflow_manual_trigger":{"enabledWorkflows":[]},"_links":{"self":[{"href":"https:\/\/www.cantorama.ch\/fr\/wp-json\/wp\/v2\/posts\/699","targetHints":{"allow":["GET"]}}],"collection":[{"href":"https:\/\/www.cantorama.ch\/fr\/wp-json\/wp\/v2\/posts"}],"about":[{"href":"https:\/\/www.cantorama.ch\/fr\/wp-json\/wp\/v2\/types\/post"}],"author":[{"embeddable":true,"href":"https:\/\/www.cantorama.ch\/fr\/wp-json\/wp\/v2\/users\/3"}],"replies":[{"embeddable":true,"href":"https:\/\/www.cantorama.ch\/fr\/wp-json\/wp\/v2\/comments?post=699"}],"version-history":[{"count":15,"href":"https:\/\/www.cantorama.ch\/fr\/wp-json\/wp\/v2\/posts\/699\/revisions"}],"predecessor-version":[{"id":2858,"href":"https:\/\/www.cantorama.ch\/fr\/wp-json\/wp\/v2\/posts\/699\/revisions\/2858"}],"wp:featuredmedia":[{"embeddable":true,"href":"https:\/\/www.cantorama.ch\/fr\/wp-json\/wp\/v2\/media\/2826"}],"wp:attachment":[{"href":"https:\/\/www.cantorama.ch\/fr\/wp-json\/wp\/v2\/media?parent=699"}],"wp:term":[{"taxonomy":"category","embeddable":true,"href":"https:\/\/www.cantorama.ch\/fr\/wp-json\/wp\/v2\/categories?post=699"},{"taxonomy":"post_tag","embeddable":true,"href":"https:\/\/www.cantorama.ch\/fr\/wp-json\/wp\/v2\/tags?post=699"}],"curies":[{"name":"wp","href":"https:\/\/api.w.org\/{rel}","templated":true}]}}